{"id":51937,"date":"2020-08-12T17:51:58","date_gmt":"2020-08-12T15:51:58","guid":{"rendered":"https:\/\/biooekonomie.uni-greifswald.de\/?p=51937"},"modified":"2020-09-03T10:52:22","modified_gmt":"2020-09-03T08:52:22","slug":"technik-radar-2020-schwerpunkt-biooekonomie","status":"publish","type":"post","link":"https:\/\/biooekonomie.uni-greifswald.de\/en\/2020\/08\/12\/technik-radar-2020-schwerpunkt-biooekonomie\/","title":{"rendered":"Literaturempfehlung: Technik Radar 2020 | Schwerpunkt: Bio\u00f6konomie"},"content":{"rendered":"<div class=\"wpb-content-wrapper\"><div class=\"vc_row wpb_row vc_row-fluid\"><div class=\"wpb_column vc_column_container vc_col-sm-12\"><div class=\"vc_column-inner\"><div class=\"wpb_wrapper\"><div class=\"vc_row wpb_row vc_inner vc_row-fluid\"><div class=\"wpb_column vc_column_container vc_col-sm-12\"><div class=\"vc_column-inner vc_custom_1591696659725\"><div class=\"wpb_wrapper\"><h3 style=\"text-align: left\" class=\"vc_custom_heading vc_do_custom_heading\" >Literaturempfehlung: Technik Radar 2020 | Schwerpunkt: Bio\u00f6konomie<\/h3><\/div><\/div><\/div><\/div>\n\t<div class=\"wpb_text_column wpb_content_element  vc_custom_1599123139110\" >\n\t\t<div class=\"wpb_wrapper\">\n\t\t\t<p>Das TechnikRadar von acatech und der K\u00f6rber-Stiftung f\u00fchrt ihre Studien seit 2018 unter dem Motto &#8222;Was die Deutschen \u00fcber Technik denken&#8220; durch. Im Fokus der diesj\u00e4hrigen repr\u00e4sentativen Befragung steht die Frage, wie die Deutschen zu den Zielen und m\u00f6glichen Auswirkungen der Bio\u00f6konomie stehen.<\/p>\n<p>Dabei wird deutlich, dass die Haltung der Deutschen zum Thema Klima- und Umweltschutz zwar sehr klar ist, die Bereitschaft zum konsequenten Handeln allerdings noch bedeutend schw\u00e4cher ausgepr\u00e4gt ist.<\/p>\n<p><a href=\"https:\/\/www.acatech.de\/publikation\/technik-radar-2020\/\" target=\"_blank\" rel=\"noopener noreferrer\">Zur Publikation<\/a><\/p>\n\n\t\t<\/div>\n\t<\/div>\n<\/div><\/div><\/div><\/div>\n<\/div>","protected":false},"excerpt":{"rendered":"<p>Das TechnikRadar von acatech und der K\u00f6rber-Stiftung f\u00fchrt ihre Studien seit 2018 unter dem Motto<\/p>","protected":false},"author":5,"featured_media":51938,"comment_status":"closed","ping_status":"open","sticky":false,"template":"","format":"standard","meta":{"footnotes":""},"categories":[6],"tags":[47,52,43,51],"class_list":["post-51937","post","type-post","status-publish","format-standard","has-post-thumbnail","hentry","category-allgemein","tag-ausschreibungen","tag-biooekonomie","tag-plant3","tag-wissenschaftsjahr","category-6","description-off"],"_links":{"self":[{"href":"https:\/\/biooekonomie.uni-greifswald.de\/en\/wp-json\/wp\/v2\/posts\/51937","targetHints":{"allow":["GET"]}}],"collection":[{"href":"https:\/\/biooekonomie.uni-greifswald.de\/en\/wp-json\/wp\/v2\/posts"}],"about":[{"href":"https:\/\/biooekonomie.uni-greifswald.de\/en\/wp-json\/wp\/v2\/types\/post"}],"author":[{"embeddable":true,"href":"https:\/\/biooekonomie.uni-greifswald.de\/en\/wp-json\/wp\/v2\/users\/5"}],"replies":[{"embeddable":true,"href":"https:\/\/biooekonomie.uni-greifswald.de\/en\/wp-json\/wp\/v2\/comments?post=51937"}],"version-history":[{"count":5,"href":"https:\/\/biooekonomie.uni-greifswald.de\/en\/wp-json\/wp\/v2\/posts\/51937\/revisions"}],"predecessor-version":[{"id":52040,"href":"https:\/\/biooekonomie.uni-greifswald.de\/en\/wp-json\/wp\/v2\/posts\/51937\/revisions\/52040"}],"wp:featuredmedia":[{"embeddable":true,"href":"https:\/\/biooekonomie.uni-greifswald.de\/en\/wp-json\/wp\/v2\/media\/51938"}],"wp:attachment":[{"href":"https:\/\/biooekonomie.uni-greifswald.de\/en\/wp-json\/wp\/v2\/media?parent=51937"}],"wp:term":[{"taxonomy":"category","embeddable":true,"href":"https:\/\/biooekonomie.uni-greifswald.de\/en\/wp-json\/wp\/v2\/categories?post=51937"},{"taxonomy":"post_tag","embeddable":true,"href":"https:\/\/biooekonomie.uni-greifswald.de\/en\/wp-json\/wp\/v2\/tags?post=51937"}],"curies":[{"name":"wp","href":"https:\/\/api.w.org\/{rel}","templated":true}]}}