{"id":53248,"date":"2021-07-14T10:45:16","date_gmt":"2021-07-14T08:45:16","guid":{"rendered":"https:\/\/biooekonomie.uni-greifswald.de\/?p=53248"},"modified":"2021-08-16T11:13:38","modified_gmt":"2021-08-16T09:13:38","slug":"sven-olsen","status":"publish","type":"post","link":"https:\/\/biooekonomie.uni-greifswald.de\/en\/2021\/07\/14\/sven-olsen\/","title":{"rendered":"Plant\u00b3 im Gespr\u00e4ch mit Sven Olsen"},"content":{"rendered":"<div class=\"wpb-content-wrapper\"><div class=\"vc_row wpb_row vc_row-fluid vc_custom_1608021875151 vc_row-has-fill\"><div class=\"wpb_column vc_column_container vc_col-sm-12\"><div class=\"vc_column-inner\"><div class=\"wpb_wrapper\"><div class=\"ult-spacer spacer-69f13e66dee65\" data-id=\"69f13e66dee65\" data-height=\"20\" data-height-mobile=\"20\" data-height-tab=\"20\" data-height-tab-portrait=\"\" data-height-mobile-landscape=\"\" style=\"clear:both;display:block;\"><\/div><div class=\"vc_row wpb_row vc_inner vc_row-fluid vc_custom_1608021900846\"><div class=\"wpb_column vc_column_container vc_col-sm-12\"><div class=\"vc_column-inner vc_custom_1591696659725\"><div class=\"wpb_wrapper\"><h3 style=\"text-align: left\" class=\"vc_custom_heading vc_do_custom_heading\" >Plant\u00b3 im Gespr\u00e4ch mit Sven Olsen von der IHK zu Rostock<\/h3><\/div><\/div><\/div><\/div>\n\t<div class=\"wpb_text_column wpb_content_element  vc_custom_1626860425260\" >\n\t\t<div class=\"wpb_wrapper\">\n\t\t\t<p>Die IHK zu Rostock ist seit M\u00e4rz 2021 Mitglied im Plant\u00b3-B\u00fcndnis und wird von Sven Olsen im Lenkungskreis des Plant\u00b3-B\u00fcndnisses vertreten. Herr Olsen ist Leiter des Gesch\u00e4ftsbereiches Innovation, Umwelt, Verkehr, Maritime Wirtschaft &#8211; ein Gesch\u00e4ftsbereich, der unserem B\u00fcndnis viele Ankn\u00fcpfungsm\u00f6glichkeiten bietet. Wir haben den Diplom-Politologen zum Engagement der IHK Rostock befragt.<\/p>\n\n\t\t<\/div>\n\t<\/div>\n\n\t<div class=\"wpb_text_column wpb_content_element  vc_custom_1626861441753\" >\n\t\t<div class=\"wpb_wrapper\">\n\t\t\t<p class=\"p1\" style=\"padding-left: 40px;\"><span style=\"color: #7bb555;\"><em><span class=\"s1\">Herr Olsen, die IHK Rostock ist seit kurzem Mitglied des Plant\u00b3-B\u00fcndnisses und Sie vertreten die Kammer im Plant\u00b3-Lenkungskreis. Warum engagiert sich die IHK Rostock in Plant\u00b3?<\/span><\/em><\/span><\/p>\n\n\t\t<\/div>\n\t<\/div>\n\n\t<div class=\"wpb_text_column wpb_content_element  vc_custom_1626861462733\" >\n\t\t<div class=\"wpb_wrapper\">\n\t\t\t<p>Die IHK Rostock hat intensiv an der Formulierung und Entstehung der im Herbst 2020 beschlossenen <a href=\"https:\/\/www.regierung-mv.de\/Landesregierung\/wm\/Service\/Publikationen?id=23265&amp;processor=veroeff\" target=\"_blank\" rel=\"noopener noreferrer\">Regionalen Innovationsstrategie (RIS) f\u00fcr MV<\/a> mitgewirkt. In der RIS werden die zentralen technologischen Handlungsfelder Mecklenburg-Vorpommerns f\u00fcr die n\u00e4chsten Jahre festgelegt. Das Thema Bio\u00f6konomie nimmt dabei als ein zentrales Querschnittsthema vieler Handlungsfelder eine bedeutende Rolle ein. Durch unser Engagement bei Plant\u00b3 m\u00f6chten wir unsere zugeh\u00f6rigen Unternehmen st\u00e4rker f\u00fcr die Potentiale, die das Thema Bio\u00f6konomie bietet, sensibilisieren, zu ihrer Vernetzung in unserem IHK-Bezirk beitragen und dieses technologische Zukunftsfeld f\u00fcr das Bundesland insgesamt voranbringen.<\/p>\n\n\t\t<\/div>\n\t<\/div>\n\n\t<div class=\"wpb_text_column wpb_content_element  vc_custom_1626860480425\" >\n\t\t<div class=\"wpb_wrapper\">\n\t\t\t<p class=\"p1\" style=\"padding-left: 40px;\"><span style=\"color: #7bb555;\"><em><span class=\"s1\">Plant\u00b3 hat das Ziel, das nord\u00f6stliche Mecklenburg-Vorpommern zu einer Modellregion f\u00fcr Bio\u00f6konomie zu entwickeln. Wo sehen Sie das gr\u00f6\u00dfte Potential daf\u00fcr?<\/span><\/em><\/span><\/p>\n\n\t\t<\/div>\n\t<\/div>\n\n\t<div class=\"wpb_text_column wpb_content_element  vc_custom_1625676255024\" >\n\t\t<div class=\"wpb_wrapper\">\n\t\t\t<p>Mecklenburg-Vorpommern ist mit seinen Bereichen Land, Meer und Moor reich an nat\u00fcrlichen Ressourcen und hat daher gro\u00dfe Potentiale, beim Thema \u201eBio\u00f6konomie\u201c zu einem nationalen und internationalen Vorreiter zu werden. Traditionell tr\u00e4gt in MV die Land- und insbesondere die Ern\u00e4hrungswirtschaft zu einer im Vergleich zu Gesamtdeutschland \u00fcberproportionalen regionalen Wertsch\u00f6pfung bei. Durch die sehr gute Infrastruktur, den hohen Ausbildungsstand der Akteure sowie das dichte Netzwerk der hiesigen Forschungseinrichtungen bieten sich hervorragende Rahmenbedingungen, die Bio\u00f6konomie als Katalysator f\u00fcr innovative Entwicklungen zu nutzen und somit mittelfristig zu mehr Wertsch\u00f6pfung in der Land- und Ern\u00e4hrungswirtschaft in MV beizutragen. Dabei spielt sicherlich auch die verst\u00e4rkte Einbindung von KI und Digitalisierung sowie die intensivere Zusammenarbeit mit nationalen und internationalen Playern eine wichtige Rolle.<\/p>\n\n\t\t<\/div>\n\t<\/div>\n\n\t<div class=\"wpb_text_column wpb_content_element  vc_custom_1625674166768\" >\n\t\t<div class=\"wpb_wrapper\">\n\t\t\t<p class=\"p1\" style=\"padding-left: 40px;\"><span style=\"color: #7bb555;\"><em><span class=\"s1\">Wo sehen Sie die gr\u00f6\u00dften Herausforderungen in der Umsetzung einer nachhaltigen biobasierten Wirtschaftsform in unserer B\u00fcndnisregion?<\/span><\/em><\/span><\/p>\n\n\t\t<\/div>\n\t<\/div>\n\n\t<div class=\"wpb_text_column wpb_content_element  vc_custom_1625674231207\" >\n\t\t<div class=\"wpb_wrapper\">\n\t\t\t<p>Mit dem europ\u00e4ischen Gr\u00fcnen Deal soll der \u00dcbergang zu einer modernen, ressourceneffizienten und wettbewerbsf\u00e4higen Wirtschaft erreicht und umfangreiche Ma\u00dfnahmen zum Klimaschutz umgesetzt werden. Dies stellt gerade viele kleine und mittelst\u00e4ndische Unternehmen vor gro\u00dfe Herausforderungen. Wichtig ist es daher, dass sich die Betriebe st\u00e4rker mit dem Thema Nachhaltigkeit besch\u00e4ftigen und die Chancen einer effizienteren Ressourcennutzung sowie einer kreislauforientierten Wirtschaft erkennen. Eine der Aufgaben unseres B\u00fcndnisses sehe ich darin, weiterhin auf diesen wirtschaftlichen Wertewandel hin zu einer nachhaltigen und biobasierten Wirtschaft hinzuwirken und die Unternehmen der Region dabei durch intensive Kommunikation auch mitzunehmen.<br \/>\nDie Corona-Pandemie hat eine beschleunigende Wirkung auf das Megathema Digitalisierung ausgel\u00f6st. Eine weitere Herausforderung wird deshalb sein, die Potentiale von nachhaltiger Bio\u00f6konomie und digitaler Transformation zu verbinden, sie volkswirtschaftlich zu nutzen und hierbei Aspekte wie Arbeit 4.0, Umwelt, Technologie und Gesundheit zu ber\u00fccksichtigen.<\/p>\n\n\t\t<\/div>\n\t<\/div>\n\n\t<div class=\"wpb_text_column wpb_content_element  vc_custom_1625674257302\" >\n\t\t<div class=\"wpb_wrapper\">\n\t\t\t<p class=\"p1\" style=\"padding-left: 40px;\"><span style=\"color: #7bb555;\"><em><span class=\"s1\">Was ist Ihre ganz pers\u00f6nliche Vision von Bio\u00f6konomie?<\/span><\/em><\/span><\/p>\n\n\t\t<\/div>\n\t<\/div>\n\n\t<div class=\"wpb_text_column wpb_content_element  vc_custom_1625674287046\" >\n\t\t<div class=\"wpb_wrapper\">\n\t\t\t<p>Meine pers\u00f6nliche Vision ist, dass die gro\u00dfen Chancen, die Mecklenburg-Vorpommern in Bezug auf das Thema Bio\u00f6konomie bietet, vollumf\u00e4nglich genutzt werden und unser Bundesland durch enge Zusammenarbeit aller Akteure zu einem Leuchtturm f\u00fcr innovative Entwicklungen und Anwendungen deutschlandweit und international wird. Beim Thema Bio\u00f6konomie sollten Politik, potentielle Investoren und Unternehmen k\u00fcnftig zuallererst an M-V denken.<\/p>\n\n\t\t<\/div>\n\t<\/div>\n\n\t<div class=\"wpb_text_column wpb_content_element  vc_custom_1625674331548\" >\n\t\t<div class=\"wpb_wrapper\">\n\t\t\t<p class=\"p1\" style=\"padding-left: 40px;\"><span style=\"color: #7bb555;\"><em><span class=\"s1\">Herr Olsen, wir danken Ihnen f\u00fcr das Gespr\u00e4ch und freuen uns auf die Zusammenarbeit im Lenkungskreis von Plant\u00b3!<\/span><\/em><\/span><\/p>\n\n\t\t<\/div>\n\t<\/div>\n<\/div><\/div><\/div><\/div><div class=\"vc_row wpb_row vc_row-fluid vc_custom_1591699373541 vc_row-has-fill\"><div class=\"wpb_column vc_column_container vc_col-sm-12\"><div class=\"vc_column-inner\"><div class=\"wpb_wrapper\"><div class=\"vc_separator wpb_content_element vc_separator_align_center vc_sep_width_100 vc_sep_pos_align_center vc_custom_1626861515598 wpb_content_element wpb_animate_when_almost_visible wpb_fadeIn fadeIn vc_separator-has-text\" ><span class=\"vc_sep_holder vc_sep_holder_l\"><span style=\"border-color:#7bbb55;\" class=\"vc_sep_line\"><\/span><\/span><h4>IHK Rostock<\/h4><span class=\"vc_sep_holder vc_sep_holder_r\"><span style=\"border-color:#7bbb55;\" class=\"vc_sep_line\"><\/span><\/span>\n<\/div>\n\t<div class=\"wpb_text_column wpb_content_element  vc_custom_1626861560742\" >\n\t\t<div class=\"wpb_wrapper\">\n\t\t\t<p>F\u00fcr etwa 36.000 Unternehmen vertritt die <a href=\"https:\/\/www.rostock.ihk24.de\/innovation-und-umwelt\" target=\"_blank\" rel=\"noopener noreferrer\">IHK Rostock<\/a> die Interessen der gewerblichen Wirtschaft. Dabei ber\u00e4t sie Unternehmen, b\u00fcndelt deren Interessen gegen\u00fcber Politik und Verwaltung und bildet Menschen aus und weiter. Seit Dezember 2020 ist die IHK Rostock Partner im Mittelstand 4.0 <a href=\"https:\/\/www.rostock.ihk24.de\/servicemarken\/ueber-uns\/kompetenzzentrum-4-0-mittelstand-rostock-5057168\" target=\"_blank\" rel=\"noopener noreferrer\">Kompetenzzentrum Rostock<\/a>, wo Unternehmer*innen auf ihrem Weg in die Digitalisierung unterst\u00fctzt werden. Der Bezirk der IHK Rostock umfasst die Hanse- und Universit\u00e4tsstadt Rostock sowie die Landkreise Rostock und Vorpommern-R\u00fcgen, und damit einen wesentlichen Teil der Plant\u00b3-Region.<\/p>\n\n\t\t<\/div>\n\t<\/div>\n\n\t<div class=\"wpb_text_column wpb_content_element  vc_custom_1626861573840\" >\n\t\t<div class=\"wpb_wrapper\">\n\t\t\t<p><b>Contact<\/b><\/p>\n<p>IHK Rostock<\/p>\n<p>Ernst-Barlach-Stra\u00dfe 1-3<\/p>\n<p>18055 Rostock<\/p>\n<p>Fon: +49 (0) 381 338-0<\/p>\n<p><a href=\"\/en\/info@rostock.ihk.de\/\" target=\"_blank\" rel=\"noopener noreferrer\">info@rostock.ihk.de<\/a><\/p>\n\n\t\t<\/div>\n\t<\/div>\n<div class=\"vc_row wpb_row vc_inner vc_row-fluid\"><div class=\"wpb_column vc_column_container vc_col-sm-4\"><div class=\"vc_column-inner\"><div class=\"wpb_wrapper\">\n\t<div  class=\"wpb_single_image wpb_content_element vc_align_left\">\n\t\t\n\t\t<figure class=\"wpb_wrapper vc_figure\">\n\t\t\t<div class=\"vc_single_image-wrapper   vc_box_border_grey layzr-bg\"><img loading=\"lazy\" decoding=\"async\" width=\"162\" height=\"89\" src=\"data:image\/svg+xml;charset=utf-8,%3Csvg xmlns%3D'http%3A%2F%2Fwww.w3.org%2F2000%2Fsvg' viewBox%3D'0 0 162 89'%2F%3E\" data-src=\"https:\/\/biooekonomie.uni-greifswald.de\/wp-content\/uploads\/2020\/04\/Logo-P3_s.png\" class=\"lazy-load vc_single_image-img attachment-medium\" alt=\"\" title=\"Logo P3_s\"  data-dt-location=\"https:\/\/biooekonomie.uni-greifswald.de\/en\/logo-p3_s\/\" \/><\/div>\n\t\t<\/figure>\n\t<\/div>\n<\/div><\/div><\/div><div class=\"wpb_column vc_column_container vc_col-sm-4\"><div class=\"vc_column-inner\"><div class=\"wpb_wrapper\">\n\t<div  class=\"wpb_single_image wpb_content_element vc_align_left\">\n\t\t\n\t\t<figure class=\"wpb_wrapper vc_figure\">\n\t\t\t<a href=\"https:\/\/www.bmbf.de\/\" target=\"_blank\"  class=\"vc_single_image-wrapper   vc_box_border_grey layzr-bg\"   ><img loading=\"lazy\" decoding=\"async\" width=\"228\" height=\"135\" src=\"data:image\/svg+xml;charset=utf-8,%3Csvg xmlns%3D'http%3A%2F%2Fwww.w3.org%2F2000%2Fsvg' viewBox%3D'0 0 228 135'%2F%3E\" data-src=\"https:\/\/biooekonomie.uni-greifswald.de\/wp-content\/uploads\/2020\/06\/logo-bmbf.png\" class=\"lazy-load vc_single_image-img attachment-medium\" alt=\"\" title=\"logo bmbf\"  data-dt-location=\"https:\/\/biooekonomie.uni-greifswald.de\/en\/home\/logo-bmbf\/\" \/><\/a>\n\t\t<\/figure>\n\t<\/div>\n<\/div><\/div><\/div><div class=\"wpb_column vc_column_container vc_col-sm-4\"><div class=\"vc_column-inner\"><div class=\"wpb_wrapper\">\n\t<div  class=\"wpb_single_image wpb_content_element vc_align_left  vc_custom_1608021214817\">\n\t\t\n\t\t<figure class=\"wpb_wrapper vc_figure\">\n\t\t\t<div class=\"vc_single_image-wrapper   vc_box_border_grey layzr-bg\"><img loading=\"lazy\" decoding=\"async\" width=\"300\" height=\"200\" src=\"data:image\/svg+xml;charset=utf-8,%3Csvg xmlns%3D'http%3A%2F%2Fwww.w3.org%2F2000%2Fsvg' viewBox%3D'0 0 300 200'%2F%3E\" data-src=\"https:\/\/biooekonomie.uni-greifswald.de\/wp-content\/uploads\/2020\/06\/WIR-Logo_600x400-300x200.jpg\" class=\"lazy-load vc_single_image-img attachment-medium\" alt=\"\" title=\"WIR-Logo_600x400\" data-srcset=\"https:\/\/biooekonomie.uni-greifswald.de\/wp-content\/uploads\/2020\/06\/WIR-Logo_600x400-300x200.jpg 300w, https:\/\/biooekonomie.uni-greifswald.de\/wp-content\/uploads\/2020\/06\/WIR-Logo_600x400-768x513.jpg 768w, https:\/\/biooekonomie.uni-greifswald.de\/wp-content\/uploads\/2020\/06\/WIR-Logo_600x400-391x260.jpg 391w, https:\/\/biooekonomie.uni-greifswald.de\/wp-content\/uploads\/2020\/06\/WIR-Logo_600x400.jpg 866w\" sizes=\"auto, (max-width: 300px) 100vw, 300px\"  data-dt-location=\"https:\/\/biooekonomie.uni-greifswald.de\/en\/home\/wir-logo_600x400\/\" \/><\/div>\n\t\t<\/figure>\n\t<\/div>\n<\/div><\/div><\/div><\/div><\/div><\/div><\/div><\/div><!-- Row Backgrounds --><div class=\"upb_color\" data-bg-override=\"0\" data-bg-color=\"#ffffff\" data-fadeout=\"\" data-fadeout-percentage=\"30\" data-parallax-content=\"\" data-parallax-content-sense=\"30\" data-row-effect-mobile-disable=\"true\" data-img-parallax-mobile-disable=\"true\" data-rtl=\"false\"  data-custom-vc-row=\"\"  data-vc=\"8.7.2\"  data-is_old_vc=\"\"  data-theme-support=\"\"   data-overlay=\"false\" data-overlay-color=\"\" data-overlay-pattern=\"\" data-overlay-pattern-opacity=\"\" data-overlay-pattern-size=\"\"    ><\/div><div class=\"vc_row wpb_row vc_row-fluid\"><div class=\"wpb_column vc_column_container vc_col-sm-12\"><div class=\"vc_column-inner\"><div class=\"wpb_wrapper\"><\/div><\/div><\/div><\/div>\n<\/div>","protected":false},"excerpt":{"rendered":"<p>Die IHK zu Rostock ist seit M\u00e4rz 2021 Mitglied im Plant\u00b3-B\u00fcndnis und wird von Sven Olsen im Lenkungskreis des Plant\u00b3-B\u00fcndnisses vertreten. Herr Olsen ist Leiter des Gesch\u00e4ftsbereiches Innovation, Umwelt, Verkehr, Maritime Wirtschaft, ein Gesch\u00e4ftsbereich, der unserem B\u00fcndnis viele Ankn\u00fcpfungsm\u00f6glichkeiten bietet. Wir haben den Diplom-Politologen zum Engagement der IHK zu Rostock befragt. <\/p>","protected":false},"author":5,"featured_media":53249,"comment_status":"closed","ping_status":"open","sticky":false,"template":"","format":"standard","meta":{"footnotes":""},"categories":[41,160],"tags":[42,43],"class_list":["post-53248","post","type-post","status-publish","format-standard","has-post-thumbnail","hentry","category-imgespraech","category-plant3-nachrichten","tag-haeufig-angefragt","tag-plant3","category-41","category-160","description-off"],"_links":{"self":[{"href":"https:\/\/biooekonomie.uni-greifswald.de\/en\/wp-json\/wp\/v2\/posts\/53248","targetHints":{"allow":["GET"]}}],"collection":[{"href":"https:\/\/biooekonomie.uni-greifswald.de\/en\/wp-json\/wp\/v2\/posts"}],"about":[{"href":"https:\/\/biooekonomie.uni-greifswald.de\/en\/wp-json\/wp\/v2\/types\/post"}],"author":[{"embeddable":true,"href":"https:\/\/biooekonomie.uni-greifswald.de\/en\/wp-json\/wp\/v2\/users\/5"}],"replies":[{"embeddable":true,"href":"https:\/\/biooekonomie.uni-greifswald.de\/en\/wp-json\/wp\/v2\/comments?post=53248"}],"version-history":[{"count":10,"href":"https:\/\/biooekonomie.uni-greifswald.de\/en\/wp-json\/wp\/v2\/posts\/53248\/revisions"}],"predecessor-version":[{"id":53285,"href":"https:\/\/biooekonomie.uni-greifswald.de\/en\/wp-json\/wp\/v2\/posts\/53248\/revisions\/53285"}],"wp:featuredmedia":[{"embeddable":true,"href":"https:\/\/biooekonomie.uni-greifswald.de\/en\/wp-json\/wp\/v2\/media\/53249"}],"wp:attachment":[{"href":"https:\/\/biooekonomie.uni-greifswald.de\/en\/wp-json\/wp\/v2\/media?parent=53248"}],"wp:term":[{"taxonomy":"category","embeddable":true,"href":"https:\/\/biooekonomie.uni-greifswald.de\/en\/wp-json\/wp\/v2\/categories?post=53248"},{"taxonomy":"post_tag","embeddable":true,"href":"https:\/\/biooekonomie.uni-greifswald.de\/en\/wp-json\/wp\/v2\/tags?post=53248"}],"curies":[{"name":"wp","href":"https:\/\/api.w.org\/{rel}","templated":true}]}}