{"id":53969,"date":"2022-01-10T20:16:56","date_gmt":"2022-01-10T19:16:56","guid":{"rendered":"https:\/\/biooekonomie.uni-greifswald.de\/?p=53969"},"modified":"2022-01-10T20:20:04","modified_gmt":"2022-01-10T19:20:04","slug":"nachlese-staerkereform-wettbewerb-in-loitz-2021","status":"publish","type":"post","link":"https:\/\/biooekonomie.uni-greifswald.de\/en\/2022\/01\/10\/nachlese-staerkereform-wettbewerb-in-loitz-2021\/","title":{"rendered":"Nachlese: ST\u00c4RKE:RE:FORM-Wettbewerb in Loitz 2021"},"content":{"rendered":"<div class=\"wpb-content-wrapper\"><div class=\"vc_row wpb_row vc_row-fluid\"><div class=\"wpb_column vc_column_container vc_col-sm-12\"><div class=\"vc_column-inner\"><div class=\"wpb_wrapper\">\n\t<div class=\"wpb_text_column wpb_content_element\" >\n\t\t<div class=\"wpb_wrapper\">\n\t\t\t<p style=\"text-align: center;\">\u00a9 Christoph Wendland<\/p>\n\n\t\t<\/div>\n\t<\/div>\n<div class=\"vc_empty_space\"   style=\"height: 32px\"><span class=\"vc_empty_space_inner\"><\/span><\/div><div class=\"vc_row wpb_row vc_inner vc_row-fluid\"><div class=\"wpb_column vc_column_container vc_col-sm-12\"><div class=\"vc_column-inner vc_custom_1591696659725\"><div class=\"wpb_wrapper\"><h3 style=\"text-align: left\" class=\"vc_custom_heading vc_do_custom_heading\" >Nachlese: ST\u00c4RKE:RE:FORM-Wettbewerb in Loitz 2021<\/h3><\/div><\/div><\/div><\/div>\n\t<div class=\"wpb_text_column wpb_content_element  vc_custom_1641842091658\" >\n\t\t<div class=\"wpb_wrapper\">\n\t\t\t<p>Im Sommer 2021 fand in Loitz ein Wettbewerb f\u00fcr nachhaltiges Design unter dem Titel \u201eST\u00c4RKE:RE:FORM\u201c statt. F\u00fcr den Wettbewerb haben Loitzer Unternehmen f\u00fcnf bio\u00f6konomische Herausforderungen definiert, f\u00fcr die wirtschaftlich, \u00f6kologisch und sozial nachhaltige L\u00f6sungsans\u00e4tze entwickelt werden sollten. F\u00fcnf bunt gemischte Teams begannen im Fr\u00fchjahr 2021 mit ihrer kreativen T\u00e4tigkeit und trafen sich im August 2021 vor Ort in Loitz bei einem einw\u00f6chigen Innovationscamp. Die Teams verzichteten auf die Pr\u00e4mierung eines Gewinner-Teams und teilten das ausgeschriebene Preisgeld von 10.000\u20ac untereinander auf \u2013 ein deutliches Zeichen f\u00fcr die gute Atmosph\u00e4re und den Zusammenhalt in und zwischen den Teams!<\/p>\n<p>Die Teams haben folgende L\u00f6sungen erarbeitet:<\/p>\n<ul>\n<li>Die Firma Pag-Holz hatte die Herausforderung formuliert, f\u00fcr die Reststoffe ihrer Produktion neue Verwendungsm\u00f6glichkeiten zu entwickeln. Das \u201eBlockbastler-Team\u201c entwickelte hierzu den Prototyp einer Schutzh\u00fctte, die gemeinschaftlich aufgebaut werden kann und zu besserer touristischer Sichtbarkeit im Peenetal f\u00fchrt.<\/li>\n<li>Das Team \u201eEnergieb\u00fcndel\u201c entwickelte eine Skizze f\u00fcr eine m\u00f6glichst CO2-neutrale und kreislaufbasierte Energieversorgung in Loitz aussehen k\u00f6nnte. Dabei ber\u00fccksichtigte das Team die Nutzung von Biomasse aus (wiedervern\u00e4ssten) Moorfl\u00e4chen.<\/li>\n<li>Zwei weitere Teams widmeten sich den Fragen, wie das Gesch\u00e4ftsfeld einer nachhaltigen Textilveredelung aufgebaut und wie ein lokales Netzwerk zur Lebensmittelveredelung entstehen kann.<\/li>\n<li>Die f\u00fcnfte Challenge bezog sich auf die Standort-Entwicklung der ehemaligen St\u00e4rkefabrik: Wie kann das St\u00e4rkefabrik-Gel\u00e4nde langfristig in eine Nutzung als Kultur- und Bio\u00f6konomie-\u201cCampus\u201c u\u0308berfu\u0308hrt werden? Gemeinschaftlich mit den Loitzerinnen und Loitzern entwickelte ein Team hierf\u00fcr ein Nutzungskonzept. Auf dieser Grundlage wurde bereits ein Verein gegr\u00fcndet, der das Gel\u00e4nde betreiben wird.<\/li>\n<\/ul>\n<p>Alle L\u00f6sungsvorschl\u00e4ge zeigen, wie gut Vorschl\u00e4ge zur wirtschaftlichen Reststoff- und Kreislaufverwertung mit \u00f6kologischer Nachhaltigkeit und gesellschaftlicher Innovationskraft verbunden sein k\u00f6nnen. Zur Zeit arbeiten mehrere Teams daran, ihre L\u00f6sungsvorschl\u00e4ge in die Praxis umzusetzen und eine Finanzierung daf\u00fcr zu erschlie\u00dfen.<\/p>\n<p>Auftraggeber des ST\u00c4RKE:RE:FORM-Wettbewerbs war das Amt Peenetal \/ Loitz. Das Amt Peenetal \/ Loitz hat sich als eine von sieben Kommunen im Wettbewerb \u201eZukunftsstadt 2030\u201c durchgesetzt und wird zur Zeit vom Bundesministerium f\u00fcr Bildung und Forschung bei der Durchf\u00fchrung mehrerer Projekte gef\u00f6rdert. Die wissenschaftliche Begleitung erfolgt durch das Team von Prof. Dr. Peter Dehne von der Hochschule Neubrandenburg. Organisiert wurde der Wettbewerb von der Rostocker Agentur fint.<\/p>\n<p>Links zum Weiterlesen:<\/p>\n<ul>\n<li><a href=\"https:\/\/www.loitz.de\/zukunftsinitiative\/\" target=\"_blank\" rel=\"noopener noreferrer\">https:\/\/www.loitz.de\/zukunftsinitiative\/<\/a><\/li>\n<li><a href=\"https:\/\/www.zukunftsstadt-peenetal-loitz.de\/\" target=\"_blank\" rel=\"noopener noreferrer\">https:\/\/www.zukunftsstadt-peenetal-loitz.de\/<\/a><\/li>\n<li><a href=\"https:\/\/www.staerkereform.de\/\" target=\"_blank\" rel=\"noopener noreferrer\">https:\/\/www.staerkereform.de\/<\/a><\/li>\n<li><a href=\"https:\/\/www.hs-nb.de\/ikr\/forschungsschwerpunkt\/aktuelle-projekte\/zukunftsstadt-peenetalloitz\/\" target=\"_blank\" rel=\"noopener noreferrer\">https:\/\/www.hs-nb.de\/ikr\/forschungsschwerpunkt\/aktuelle-projekte\/zukunftsstadt-peenetalloitz\/<\/a><\/li>\n<li><a href=\"https:\/\/fint.team\/\" target=\"_blank\" rel=\"noopener noreferrer\">https:\/\/fint.team\/<\/a><\/li>\n<li>Und siehe auch: <a href=\"https:\/\/www.deinjahrinloitz.de\/\" target=\"_blank\" rel=\"noopener noreferrer\">https:\/\/www.deinjahrinloitz.de\/<\/a><\/li>\n<\/ul>\n\n\t\t<\/div>\n\t<\/div>\n<\/div><\/div><\/div><\/div>\n<\/div>","protected":false},"excerpt":{"rendered":"<p>Im Sommer 2021 fand in Loitz ein Wettbewerb f\u00fcr nachhaltiges Design unter dem Titel \u201eST\u00c4RKE:RE:FORM\u201c statt. F\u00fcr den Wettbewerb haben Loitzer Unternehmen f\u00fcnf bio\u00f6konomische Herausforderungen definiert, f\u00fcr die wirtschaftlich, \u00f6kologisch und sozial nachhaltige L\u00f6sungsans\u00e4tze entwickelt werden sollten. F\u00fcnf bunt gemischte Teams begannen im Fr\u00fchjahr 2021 mit ihrer kreativen T\u00e4tigkeit und trafen sich im August 2021 vor Ort in Loitz bei einem einw\u00f6chigen Innovationscamp.<\/p>","protected":false},"author":5,"featured_media":53970,"comment_status":"closed","ping_status":"open","sticky":false,"template":"","format":"standard","meta":{"footnotes":""},"categories":[6],"tags":[],"class_list":["post-53969","post","type-post","status-publish","format-standard","has-post-thumbnail","hentry","category-allgemein","category-6","description-off"],"_links":{"self":[{"href":"https:\/\/biooekonomie.uni-greifswald.de\/en\/wp-json\/wp\/v2\/posts\/53969","targetHints":{"allow":["GET"]}}],"collection":[{"href":"https:\/\/biooekonomie.uni-greifswald.de\/en\/wp-json\/wp\/v2\/posts"}],"about":[{"href":"https:\/\/biooekonomie.uni-greifswald.de\/en\/wp-json\/wp\/v2\/types\/post"}],"author":[{"embeddable":true,"href":"https:\/\/biooekonomie.uni-greifswald.de\/en\/wp-json\/wp\/v2\/users\/5"}],"replies":[{"embeddable":true,"href":"https:\/\/biooekonomie.uni-greifswald.de\/en\/wp-json\/wp\/v2\/comments?post=53969"}],"version-history":[{"count":2,"href":"https:\/\/biooekonomie.uni-greifswald.de\/en\/wp-json\/wp\/v2\/posts\/53969\/revisions"}],"predecessor-version":[{"id":53973,"href":"https:\/\/biooekonomie.uni-greifswald.de\/en\/wp-json\/wp\/v2\/posts\/53969\/revisions\/53973"}],"wp:featuredmedia":[{"embeddable":true,"href":"https:\/\/biooekonomie.uni-greifswald.de\/en\/wp-json\/wp\/v2\/media\/53970"}],"wp:attachment":[{"href":"https:\/\/biooekonomie.uni-greifswald.de\/en\/wp-json\/wp\/v2\/media?parent=53969"}],"wp:term":[{"taxonomy":"category","embeddable":true,"href":"https:\/\/biooekonomie.uni-greifswald.de\/en\/wp-json\/wp\/v2\/categories?post=53969"},{"taxonomy":"post_tag","embeddable":true,"href":"https:\/\/biooekonomie.uni-greifswald.de\/en\/wp-json\/wp\/v2\/tags?post=53969"}],"curies":[{"name":"wp","href":"https:\/\/api.w.org\/{rel}","templated":true}]}}