{"id":55532,"date":"2023-07-06T15:24:42","date_gmt":"2023-07-06T13:24:42","guid":{"rendered":"https:\/\/biooekonomie.uni-greifswald.de\/?p=55532"},"modified":"2024-01-06T13:58:19","modified_gmt":"2024-01-06T12:58:19","slug":"vernetzungstreffen-der-regionalen-wir-buendnisse","status":"publish","type":"post","link":"https:\/\/biooekonomie.uni-greifswald.de\/en\/2023\/07\/06\/vernetzungstreffen-der-regionalen-wir-buendnisse\/","title":{"rendered":"Vernetzungstreffen der regionalen WIR!-B\u00fcndnisse"},"content":{"rendered":"<div class=\"wpb-content-wrapper\"><div class=\"vc_row wpb_row vc_row-fluid\"><div class=\"wpb_column vc_column_container vc_col-sm-12\"><div class=\"vc_column-inner\"><div class=\"wpb_wrapper\"><div class=\"vc_row wpb_row vc_inner vc_row-fluid\"><div class=\"wpb_column vc_column_container vc_col-sm-12\"><div class=\"vc_column-inner vc_custom_1591696659725\"><div class=\"wpb_wrapper\"><h3 style=\"text-align: left\" class=\"vc_custom_heading vc_do_custom_heading\" >Vernetzungstreffen der regionalen WIR!-B\u00fcndnisse<\/h3><\/div><\/div><\/div><\/div>\n\t<div class=\"wpb_text_column wpb_content_element  vc_custom_1688649781923\" >\n\t\t<div class=\"wpb_wrapper\">\n\t\t\t<p>Am 22. und 23. Juni 2023 fand an der Hochschule Stralsund ein Vernetzungstreffen von zehn regionalen WIR!-B\u00fcndnisse statt. \u201eRegional\u201c war dabei weit gedacht: Neben den vorpommerschen B\u00fcndnissen ArtIFARM, Plant\u00b3, Physics4Food, Campfire und BiogeniV nahmen Vertreterinnen und Vertreter der B\u00fcndnisse Landvorteil (Herzogtum Lauenburg &amp; Landkreis Ludwigslust-Parchim), Region4.0 (Uecker-Randow &amp; Uckermark), Land-Innovation-Lausitz (Lausitz) teil. Au\u00dferdem pr\u00e4sentierten sich die B\u00fcndnisse Elbe Valley (Vierl\u00e4ndereck entlang der Elbe) und UAM-InnoRegion-SH (Schleswig-Holstein) digital.<\/p>\n<p>Das Besonders an der Veranstaltung war, dass gezielt die Mitarbeiter*innen aus dem operativen Gesch\u00e4ftsbereich (Innovationsmanagement\/Strategie\/Transfer etc.) der regionalen und \u00fcberregionalen, aber themenverwandten WIR!-B\u00fcndnisse aus dem Norden eingeladen waren. Das Treffen wurde vom ArtIFARM-Management-Team initiiert, organisiert und ausgerichtet.<\/p>\n<p>Wir bedanken uns ganz herzlich beim ArtIFARM-Innovationsmanagement f\u00fcr die Einladung und die Organisation des Treffens, das viele Impulse f\u00fcr die \u00fcbergreifende Zusammenarbeit, die Verbesserung der gemeinsamen und der individuellen B\u00fcndnis-Sichtbarkeit und die Frage, was nach der WIR!-F\u00f6rderung kommt, gab. Und wir freuen uns \u00fcber diese gelungene Auftaktveranstaltung zum \u00fcberregionalen Austausch der WIR!-B\u00fcndnisse auf der operativen Arbeitsebene.<\/p>\n\n\t\t<\/div>\n\t<\/div>\n<\/div><\/div><\/div><\/div>\n<\/div>","protected":false},"excerpt":{"rendered":"<p>Vernetzungstreffen der regionalen WIR!-B\u00fcndnisse Am 22. und 23. Juni 2023 fand an der Hochschule Stralsund ein Vernetzungstreffen von zehn regionalen WIR!-B\u00fcndnisse statt. \u201eRegional\u201c war dabei weit gedacht: Neben den vorpommerschen B\u00fcndnissen ArtIFARM, Plant\u00b3, Physics4Food, Campfire und BiogeniV nahmen Vertreterinnen und Vertreter der B\u00fcndnisse Landvorteil (Herzogtum Lauenburg &amp; Landkreis Ludwigslust-Parchim), Region4.0 (Uecker-Randow &amp; Uckermark), Land-Innovation-Lausitz (Lausitz)&hellip;<\/p>","protected":false},"author":5,"featured_media":55533,"comment_status":"closed","ping_status":"open","sticky":false,"template":"","format":"standard","meta":{"footnotes":""},"categories":[6,160],"tags":[],"class_list":["post-55532","post","type-post","status-publish","format-standard","has-post-thumbnail","hentry","category-allgemein","category-plant3-nachrichten","category-6","category-160","description-off"],"_links":{"self":[{"href":"https:\/\/biooekonomie.uni-greifswald.de\/en\/wp-json\/wp\/v2\/posts\/55532","targetHints":{"allow":["GET"]}}],"collection":[{"href":"https:\/\/biooekonomie.uni-greifswald.de\/en\/wp-json\/wp\/v2\/posts"}],"about":[{"href":"https:\/\/biooekonomie.uni-greifswald.de\/en\/wp-json\/wp\/v2\/types\/post"}],"author":[{"embeddable":true,"href":"https:\/\/biooekonomie.uni-greifswald.de\/en\/wp-json\/wp\/v2\/users\/5"}],"replies":[{"embeddable":true,"href":"https:\/\/biooekonomie.uni-greifswald.de\/en\/wp-json\/wp\/v2\/comments?post=55532"}],"version-history":[{"count":1,"href":"https:\/\/biooekonomie.uni-greifswald.de\/en\/wp-json\/wp\/v2\/posts\/55532\/revisions"}],"predecessor-version":[{"id":55534,"href":"https:\/\/biooekonomie.uni-greifswald.de\/en\/wp-json\/wp\/v2\/posts\/55532\/revisions\/55534"}],"wp:featuredmedia":[{"embeddable":true,"href":"https:\/\/biooekonomie.uni-greifswald.de\/en\/wp-json\/wp\/v2\/media\/55533"}],"wp:attachment":[{"href":"https:\/\/biooekonomie.uni-greifswald.de\/en\/wp-json\/wp\/v2\/media?parent=55532"}],"wp:term":[{"taxonomy":"category","embeddable":true,"href":"https:\/\/biooekonomie.uni-greifswald.de\/en\/wp-json\/wp\/v2\/categories?post=55532"},{"taxonomy":"post_tag","embeddable":true,"href":"https:\/\/biooekonomie.uni-greifswald.de\/en\/wp-json\/wp\/v2\/tags?post=55532"}],"curies":[{"name":"wp","href":"https:\/\/api.w.org\/{rel}","templated":true}]}}