{"id":55777,"date":"2023-11-27T13:20:15","date_gmt":"2023-11-27T12:20:15","guid":{"rendered":"https:\/\/biooekonomie.uni-greifswald.de\/?p=55777"},"modified":"2023-11-27T15:37:32","modified_gmt":"2023-11-27T14:37:32","slug":"wird-ausgerechnet-im-bauwesen-falsch-gemessen-themenschwerpunkt-am-23-11-2023","status":"publish","type":"post","link":"https:\/\/biooekonomie.uni-greifswald.de\/en\/2023\/11\/27\/wird-ausgerechnet-im-bauwesen-falsch-gemessen-themenschwerpunkt-am-23-11-2023\/","title":{"rendered":"Wird ausgerechnet im Bauwesen falsch gemessen? &#8211; Themenschwerpunkt am 23.11.2023"},"content":{"rendered":"<div class=\"wpb-content-wrapper\"><div class=\"vc_row wpb_row vc_row-fluid\"><div class=\"wpb_column vc_column_container vc_col-sm-12\"><div class=\"vc_column-inner\"><div class=\"wpb_wrapper\"><div class=\"vc_row wpb_row vc_inner vc_row-fluid\"><div class=\"wpb_column vc_column_container vc_col-sm-12\"><div class=\"vc_column-inner vc_custom_1591696659725\"><div class=\"wpb_wrapper\"><h3 style=\"text-align: left\" class=\"vc_custom_heading vc_do_custom_heading\" >Wird ausgerechnet im Bauwesen falsch gemessen? - Themenschwerpunkt am 23.11.2023<\/h3><\/div><\/div><\/div><\/div>\n\t<div class=\"wpb_text_column wpb_content_element  vc_custom_1701087474986\" >\n\t\t<div class=\"wpb_wrapper\">\n\t\t\t<div class=\"abstract\">\n<p><strong>Wird ausgerechnet im Bauwesen falsch gemessen? \u2013 Zu diesem Ergebnis m\u00fcsste man nach dem Besuch des Themennachmittags \u201eBauwende \u2013 Warum und was bedeutet das?\u201c am 23.11.2023 in Greifswald gekommen sein.<\/strong><\/p>\n<p>Dabei geht es nicht um schief montierte T\u00fcren, sondern eine grundlegend irref\u00fchrende Berechnung der Klimabilanz von Baustoffen in Deutschland.<\/p>\n<p>Unter dem Schlagwort \u201eSch\u00f6nrechnerei\u201c zeigte Klaus Dosch, gesch\u00e4ftsf\u00fchrender Gesellschafter ResScore GmbH und Mitglied der Ressourcenkommission des Umweltbundesamts, auf, dass die einschl\u00e4gig bekannten Nachhaltigkeitsbewertungssysteme komplex, langwierig und teuer sind und eher eine umfassende Geb\u00e4udequalit\u00e4t im Blick haben als Klima- und Ressourcenschutz.<\/p>\n<p>Dosch kritisiert zudem eine zwangsweise Ber\u00fccksichtigung der Umweltaspekte des Abrisses eines Geb\u00e4udes, auch wenn dieser \u2013 wenn \u00fcberhaupt \u2013 erst in ferner Zukunft liegt und daher mit ganz anderen heute noch unbekannten Technologien stattfindet. Dadurch w\u00fcrden insbesondere biogene Baumaterialien benachteiligt.<\/p>\n<p>Wirklich wichtig w\u00e4re der Fokus auf die drei Schl\u00fcsselindikatoren:<\/p>\n<p>&#8211; Treibhausgase (d.h. Klimawandel),<\/p>\n<p>&#8211; fossile Prim\u00e4renergie (d.h. Energiewende)<\/p>\n<p>&#8211; Rohstoffe (d.h. Rohstoffwende)<\/p>\n<p>OHNE rechnerische Gutschriften.<\/p>\n<p>Und so, wie sich der inzwischen gut lesbare Nutri-Score f\u00fcr Lebensmittel etabliert hat, wird ein entsprechendes Score-System f\u00fcr Geb\u00e4ude ben\u00f6tigt!<\/p>\n<p>Andreas Flock, von Strahlwerk e.V. aus Stralsund, pl\u00e4dierte f\u00fcr ein zirkul\u00e4res Bauen: Das Material, das bereits vorhanden ist, wird umgestaltet, erhalten, repariert und geteilt. Wenn das nicht ausreicht, wird mit nachwachsenden Materialien erg\u00e4nzt. Das funktioniert, setzt aber eine grunds\u00e4tzliche Haltungs\u00e4nderung in der Gesellschaft voraus.<\/p>\n<p>Bei Bauhaus Erde geht es um das Experimentieren mit regenerativen Baumaterialien und Prototypen sowie die wissenschaftliche Arbeit rund um das \u00f6kologische Bauen, wie die Architektin Eva-Maria Friedel aufzeigte. Das Bauhaus Erde sieht sich mit seinem Thinktank und Lab an der Schnittstelle zwischen Forschung und Praxis. Ein Ergebnis aus dem Thinktank ist die Kollektion \u201eBauen f\u00fcr die Zukunft\u201c (&#8222;Building for the Future\u201c), in der die wichtigsten Hebel der Bauwende erl\u00e4utert werden: Die Transformation des Geb\u00e4udebestands (Anstelle von Abriss und Neubau), das zirkul\u00e4re Bauen, das Bauen mit regenerativen Materialien wie Holz, Stroh und Lehm, \u00fcbergeordnete Quartierskonzepte sowie multifunktionale und kompakte Bauweisen. Nur wenn alle Hebel gleichzeitig umgelegt werden, wird die Bauwende gelingen.<\/p>\n<p>Christoph Meyn, Pr\u00e4sident der Architektenkammer MV und Mitglied im Vorstand der Bundesarchitektenkammer, berichtete von Diskussionen um die Einf\u00fchrung eines neuen Geb\u00e4udetypus E (f\u00fcr \u201eexperimentell\u201c), bei der eine sorgf\u00e4ltige, gemeinsame Festlegung zwischen Planern und Bauherr zu frei vereinbarenden Zielen und Qualit\u00e4ten erfolgt und es erm\u00f6glicht, mit einem reduzierten Regelwerk zu arbeiten und Standards, Materialien und Ausf\u00fchrungsdetails aufeinander anzupassen, sodass sinnvolle und nachhaltige Geb\u00e4ude zu bezahlbaren Kosten entstehen.<\/p>\n<p>Als ebenso wichtig wurde die Vernetzung und die Eigeninitiative aller am Bauwesen beteiligten Akteure herausgestellt, wie es z.B. \u00fcber die Allianz f\u00fcr nachhaltiges Bauen in MV bef\u00f6rdert wird.<\/p>\n<p>Wir bedanken uns bei den Rednerinnen und Rednern f\u00fcr die eindr\u00fccklichen, gleichzeitig be\u00e4ngstigenden wie auch Mut machenden Beitr\u00e4gen zum Themennachmittag \u201eBauwende \u2013 Warum und was bedeutet das?\u201c am 23.11.2023 im Z4 in Greifswald.<\/p>\n<p>+++ N\u00e4chste Veranstaltung im Rahmen der Bauausstellung: 30.11.2023 17:00 bis 19:00 Uhr \u201eBio\u00f6konomie und \u00f6kologische Baumaterialien\u201c \u2013 Aktuelle Forschung und Trends zu \u00f6kologischen Baustoffen: Materialien wiederentdecken, neu entwickeln, weiterdenken, u.a. mit Prof. Dr. Ulrich Schurr (Forschungszentrum J\u00fclich), Erik Bossong (GROPYUS AG) und mehreren Baumaterialherstellern der Region<\/p>\n<p>+++ Wann kann man sich die Bauausstellung anschauen? Mittwoch bis Freitag: 12 bis 18 Uhr &amp; Samstag: 10 bis 15 Uhr<\/p>\n<p>+++ Ort: Z4 \/ Zentrum f\u00fcr Life Science und Plasmatechnologie, Walther-Rathenau-Str. 49b, 17489 Greifswald<\/p>\n<\/div>\n\n\t\t<\/div>\n\t<\/div>\n<\/div><\/div><\/div><\/div>\n<\/div>","protected":false},"excerpt":{"rendered":"<p>Wird ausgerechnet im Bauwesen falsch gemessen? &#8211; Themenschwerpunkt am 23.11.2023 Wird ausgerechnet im Bauwesen falsch gemessen? \u2013 Zu diesem Ergebnis m\u00fcsste man nach dem Besuch des Themennachmittags \u201eBauwende \u2013 Warum und was bedeutet das?\u201c am 23.11.2023 in Greifswald gekommen sein. Dabei geht es nicht um schief montierte T\u00fcren, sondern eine grundlegend irref\u00fchrende Berechnung der Klimabilanz&hellip;<\/p>","protected":false},"author":5,"featured_media":55778,"comment_status":"closed","ping_status":"open","sticky":false,"template":"","format":"standard","meta":{"footnotes":""},"categories":[6,160],"tags":[],"class_list":["post-55777","post","type-post","status-publish","format-standard","has-post-thumbnail","hentry","category-allgemein","category-plant3-nachrichten","category-6","category-160","description-off"],"_links":{"self":[{"href":"https:\/\/biooekonomie.uni-greifswald.de\/en\/wp-json\/wp\/v2\/posts\/55777","targetHints":{"allow":["GET"]}}],"collection":[{"href":"https:\/\/biooekonomie.uni-greifswald.de\/en\/wp-json\/wp\/v2\/posts"}],"about":[{"href":"https:\/\/biooekonomie.uni-greifswald.de\/en\/wp-json\/wp\/v2\/types\/post"}],"author":[{"embeddable":true,"href":"https:\/\/biooekonomie.uni-greifswald.de\/en\/wp-json\/wp\/v2\/users\/5"}],"replies":[{"embeddable":true,"href":"https:\/\/biooekonomie.uni-greifswald.de\/en\/wp-json\/wp\/v2\/comments?post=55777"}],"version-history":[{"count":2,"href":"https:\/\/biooekonomie.uni-greifswald.de\/en\/wp-json\/wp\/v2\/posts\/55777\/revisions"}],"predecessor-version":[{"id":55782,"href":"https:\/\/biooekonomie.uni-greifswald.de\/en\/wp-json\/wp\/v2\/posts\/55777\/revisions\/55782"}],"wp:featuredmedia":[{"embeddable":true,"href":"https:\/\/biooekonomie.uni-greifswald.de\/en\/wp-json\/wp\/v2\/media\/55778"}],"wp:attachment":[{"href":"https:\/\/biooekonomie.uni-greifswald.de\/en\/wp-json\/wp\/v2\/media?parent=55777"}],"wp:term":[{"taxonomy":"category","embeddable":true,"href":"https:\/\/biooekonomie.uni-greifswald.de\/en\/wp-json\/wp\/v2\/categories?post=55777"},{"taxonomy":"post_tag","embeddable":true,"href":"https:\/\/biooekonomie.uni-greifswald.de\/en\/wp-json\/wp\/v2\/tags?post=55777"}],"curies":[{"name":"wp","href":"https:\/\/api.w.org\/{rel}","templated":true}]}}